{"id":26542,"date":"2026-04-20T17:18:52","date_gmt":"2026-04-20T15:18:52","guid":{"rendered":"https:\/\/www.crue.org\/?p=26542"},"modified":"2026-04-23T17:31:26","modified_gmt":"2026-04-23T15:31:26","slug":"crue-and-anuies-call-for-shared-responsibility-to-strengthen-bilateral-cooperation-at-the-2nd-mexico-spain-rectors-summit","status":"publish","type":"post","link":"https:\/\/www.crue.org\/en\/2026\/04\/crue-and-anuies-call-for-shared-responsibility-to-strengthen-bilateral-cooperation-at-the-2nd-mexico-spain-rectors-summit\/","title":{"rendered":"CRUE and ANUIES Call for Shared Responsibility to Strengthen Bilateral Cooperation at the 2nd Mexico\u2013Spain Rectors\u2019 Summit"},"content":{"rendered":"\n<figure class=\"wp-block-image\"><img loading=\"lazy\" decoding=\"async\" width=\"1024\" height=\"683\" src=\"https:\/\/www.crue.org\/wp-content\/uploads\/2026\/04\/Cimera_Espana-Mexico_CRUE_26DLL096-1024x683.jpg\" alt=\"\" class=\"wp-image-26495\" srcset=\"https:\/\/www.crue.org\/wp-content\/uploads\/2026\/04\/Cimera_Espana-Mexico_CRUE_26DLL096-1024x683.jpg 1024w, https:\/\/www.crue.org\/wp-content\/uploads\/2026\/04\/Cimera_Espana-Mexico_CRUE_26DLL096-300x200.jpg 300w, https:\/\/www.crue.org\/wp-content\/uploads\/2026\/04\/Cimera_Espana-Mexico_CRUE_26DLL096-768x512.jpg 768w, https:\/\/www.crue.org\/wp-content\/uploads\/2026\/04\/Cimera_Espana-Mexico_CRUE_26DLL096-1536x1025.jpg 1536w, https:\/\/www.crue.org\/wp-content\/uploads\/2026\/04\/Cimera_Espana-Mexico_CRUE_26DLL096-2048x1366.jpg 2048w\" sizes=\"auto, (max-width: 767px) 89vw, (max-width: 1000px) 54vw, (max-width: 1071px) 543px, 580px\" \/><\/figure>\n\n\n\n<p><strong>Castell\u00f3n de la Plana, 20 April 2026.<\/strong> The Conference of Rectors of Spanish Universities (CRUE) today opened the 2nd Mexico\u2013Spain Rectors\u2019 Summit 2026 at Universitat Jaume I, bringing together over one hundred representatives from institutions in both countries. More than 60 universities and higher education institutions are taking part, including 39 rectors.<\/p>\n\n\n\n<figure class=\"wp-block-image\"><img loading=\"lazy\" decoding=\"async\" width=\"1024\" height=\"683\" src=\"https:\/\/www.crue.org\/wp-content\/uploads\/2026\/04\/Eva-Alcon-durante-la-inauguracion-de-la-Cumbre-1024x683.jpg\" alt=\"\" class=\"wp-image-26497\" srcset=\"https:\/\/www.crue.org\/wp-content\/uploads\/2026\/04\/Eva-Alcon-durante-la-inauguracion-de-la-Cumbre-1024x683.jpg 1024w, https:\/\/www.crue.org\/wp-content\/uploads\/2026\/04\/Eva-Alcon-durante-la-inauguracion-de-la-Cumbre-300x200.jpg 300w, https:\/\/www.crue.org\/wp-content\/uploads\/2026\/04\/Eva-Alcon-durante-la-inauguracion-de-la-Cumbre-768x512.jpg 768w, https:\/\/www.crue.org\/wp-content\/uploads\/2026\/04\/Eva-Alcon-durante-la-inauguracion-de-la-Cumbre-1536x1025.jpg 1536w, https:\/\/www.crue.org\/wp-content\/uploads\/2026\/04\/Eva-Alcon-durante-la-inauguracion-de-la-Cumbre-2048x1366.jpg 2048w\" sizes=\"auto, (max-width: 767px) 89vw, (max-width: 1000px) 54vw, (max-width: 1071px) 543px, 580px\" \/><\/figure>\n\n\n\n<p>During the opening session of the Summit\u2014organised in collaboration with the National Association of Universities and Higher Education Institutions of Mexico (ANUIES) and Universitat Jaume I\u2014CRUE President and Rector of Universitat Jaume I, Eva Alc\u00f3n, highlighted that the meeting \u201ccontinues the commitment established in Mexico in March 2024 and projects a promising future for this bilateral relationship.\u201d<\/p>\n\n\n\n<p>Alc\u00f3n stressed that \u201ccooperation between Mexico and Spain in higher education is not only an opportunity, but a shared responsibility,\u201d underscoring the role of both countries as \u201cknowledge ecosystems and key partners.\u201d In this regard, she emphasised that \u201cour university systems are drivers of social transformation through knowledge generation, values-based education and the promotion of critical thinking,\u201d and called for \u201cscience, innovation and cooperation as essential tools to address global challenges that require shared solutions.\u201d<\/p>\n\n\n\n<p>She further noted that the Summit \u201cwill be a decisive step towards consolidating a common agenda based on trust, collaboration and shared ambition,\u201d reaffirming the commitment of universities to \u201ca strong social mission and a coordinated response to global challenges.\u201d<\/p>\n\n\n\n<p>For his part, the Executive Secretary General of ANUIES, Luis Armando Gonz\u00e1lez, stated that the meeting consolidates \u201cone of the most dynamic relationships in higher education.\u201d He highlighted that universities in both countries \u201care called to jointly respond to major societal challenges,\u201d placing particular emphasis on strategic cooperation, where \u201cthe model of Mexico\u2013Spain Binational Chairs plays a key role as a structural instrument to promote joint projects in research, education and knowledge transfer.\u201d<\/p>\n\n\n\n<p>The institutional opening of the bilateral Mexico\u2013Spain meeting also featured an address by the Spanish Minister of Science, Innovation and Universities, Diana Morant, who underlined that \u201ctoday, more than ever, universities matter\u2014not only for their role in training talent, but also for their contribution to building a critical citizenry and enabling democratic coexistence.\u201d She also stressed equality of opportunity as a central challenge: \u201cWe cannot allow talent to depend on origin, nor access to university on income. There is no inclusive society without an inclusive university\u2014one that is open, diverse and leaves no one behind.\u201d<\/p>\n\n\n\n<figure class=\"wp-block-image\"><img loading=\"lazy\" decoding=\"async\" width=\"1024\" height=\"683\" src=\"https:\/\/www.crue.org\/wp-content\/uploads\/2026\/04\/Asistentes-Cumbre-1024x683.jpg\" alt=\"\" class=\"wp-image-26499\" srcset=\"https:\/\/www.crue.org\/wp-content\/uploads\/2026\/04\/Asistentes-Cumbre-1024x683.jpg 1024w, https:\/\/www.crue.org\/wp-content\/uploads\/2026\/04\/Asistentes-Cumbre-300x200.jpg 300w, https:\/\/www.crue.org\/wp-content\/uploads\/2026\/04\/Asistentes-Cumbre-768x512.jpg 768w, https:\/\/www.crue.org\/wp-content\/uploads\/2026\/04\/Asistentes-Cumbre-1536x1025.jpg 1536w, https:\/\/www.crue.org\/wp-content\/uploads\/2026\/04\/Asistentes-Cumbre-2048x1366.jpg 2048w\" sizes=\"auto, (max-width: 767px) 89vw, (max-width: 1000px) 54vw, (max-width: 1071px) 543px, 580px\" \/><\/figure>\n\n\n\n<p>The opening session also included contributions from Leonardo Lomel\u00ed, Rector of the National Autonomous University of Mexico; Bego\u00f1a Carrasco, Mayor of Castell\u00f3n; and M\u00aa Esther G\u00f3mez, Regional Secretary for Universities of the Valencian Government. Among others, the Secretary General for Universities, Francisco Garc\u00eda Pascual, was also in attendance.<\/p>\n\n\n\n<h3 class=\"wp-block-heading\"><strong>Working sessions and keynote lecture<\/strong><\/h3>\n\n\n\n<p>Today\u2019s programme includes sessions focused on the transformation of higher education\u2014with particular attention to pedagogical innovation, the digitalisation of university teaching and curricular internationalisation\u2014as well as on science, technology and innovation for a shared future.<\/p>\n\n\n\n<p>This afternoon, discussions will also address academic mobility and cooperation networks, social commitment and the 2030 Agenda, and the presentation of the Mexico\u2013Spain Binational Chairs as structural instruments for university cooperation.<\/p>\n\n\n\n<p>The programme also features the keynote lecture \u201cHumanist education as a civic foundation: from OECD conclusions to the university as democratic oxygen,\u201d delivered by Ximo Puig Ferrer, Spain\u2019s Ambassador to the OECD and former President of the Generalitat Valenciana, as well as a networking session aimed at fostering joint projects in research, knowledge transfer and academic mobility.<\/p>\n\n\n\n<p>Tomorrow, 21 April, the Summit will continue with a session on university governance and strategic alliances, followed by the reading of the joint declaration of the Mexican and Spanish university systems.<\/p>\n\n\n\n<p>The 2nd Mexico\u2013Spain Rectors\u2019 Summit 2026 is thus consolidating its role as a strategic platform to strengthen academic, scientific and cultural cooperation between both countries and to advance a shared agenda with a long-term perspective.<\/p>\n","protected":false},"excerpt":{"rendered":"<p>Castell\u00f3n de la Plana, 20 April 2026. The Conference of Rectors of Spanish Universities (CRUE) today opened the 2nd Mexico\u2013Spain Rectors\u2019 Summit 2026 at Universitat Jaume I, bringing together over one hundred representatives from institutions in both countries. More than 60 universities and higher education institutions are taking part, including 39 rectors. During the opening &hellip; <\/p>\n<p class=\"link-more\"><a href=\"https:\/\/www.crue.org\/en\/2026\/04\/crue-and-anuies-call-for-shared-responsibility-to-strengthen-bilateral-cooperation-at-the-2nd-mexico-spain-rectors-summit\/\" class=\"more-link\">Continue reading<span class=\"screen-reader-text\"> &#8220;CRUE and ANUIES Call for Shared Responsibility to Strengthen Bilateral Cooperation at the 2nd Mexico\u2013Spain Rectors\u2019 Summit&#8221;<\/span><\/a><\/p>\n","protected":false},"author":13,"featured_media":26496,"comment_status":"closed","ping_status":"closed","sticky":false,"template":"","format":"standard","meta":{"_acf_changed":false,"footnotes":""},"categories":[1338],"tags":[3171,3089,3178,3180,1343,1863,3181,1851],"class_list":["post-26542","post","type-post","status-publish","format-standard","has-post-thumbnail","hentry","category-en-portada-en","tag-academic-cooperation","tag-academic-mobility","tag-anuies","tag-binational-chairs","tag-crue-en","tag-higher-education","tag-mexico","tag-spain"],"acf":[],"yoast_head":"<!-- This site is optimized with the Yoast SEO plugin v26.4 - https:\/\/yoast.com\/wordpress\/plugins\/seo\/ -->\n<title>CRUE and ANUIES Call for Shared Responsibility to Strengthen Bilateral Cooperation at the 2nd Mexico\u2013Spain Rectors\u2019 Summit - CRUE<\/title>\n<meta name=\"robots\" content=\"index, follow, max-snippet:-1, max-image-preview:large, max-video-preview:-1\" \/>\n<link rel=\"canonical\" href=\"https:\/\/www.crue.org\/en\/2026\/04\/crue-and-anuies-call-for-shared-responsibility-to-strengthen-bilateral-cooperation-at-the-2nd-mexico-spain-rectors-summit\/\" \/>\n<meta property=\"og:locale\" content=\"en_US\" \/>\n<meta property=\"og:type\" content=\"article\" \/>\n<meta property=\"og:title\" content=\"CRUE and ANUIES Call for Shared Responsibility to Strengthen Bilateral Cooperation at the 2nd Mexico\u2013Spain Rectors\u2019 Summit - CRUE\" \/>\n<meta property=\"og:description\" content=\"Castell\u00f3n de la Plana, 20 April 2026. The Conference of Rectors of Spanish Universities (CRUE) today opened the 2nd Mexico\u2013Spain Rectors\u2019 Summit 2026 at Universitat Jaume I, bringing together over one hundred representatives from institutions in both countries. More than 60 universities and higher education institutions are taking part, including 39 rectors. During the opening &hellip; Continue reading &quot;CRUE and ANUIES Call for Shared Responsibility to Strengthen Bilateral Cooperation at the 2nd Mexico\u2013Spain Rectors\u2019 Summit&quot;\" \/>\n<meta property=\"og:url\" content=\"https:\/\/www.crue.org\/en\/2026\/04\/crue-and-anuies-call-for-shared-responsibility-to-strengthen-bilateral-cooperation-at-the-2nd-mexico-spain-rectors-summit\/\" \/>\n<meta property=\"og:site_name\" content=\"CRUE\" \/>\n<meta property=\"article:published_time\" content=\"2026-04-20T15:18:52+00:00\" \/>\n<meta property=\"article:modified_time\" content=\"2026-04-23T15:31:26+00:00\" \/>\n<meta property=\"og:image\" content=\"https:\/\/www.crue.org\/wp-content\/uploads\/2026\/04\/Cimera_Espana-Mexico_CRUE_26DLL096-scaled.jpg\" \/>\n\t<meta property=\"og:image:width\" content=\"2560\" \/>\n\t<meta property=\"og:image:height\" content=\"1708\" \/>\n\t<meta property=\"og:image:type\" content=\"image\/jpeg\" \/>\n<meta name=\"author\" content=\"c.contreras\" \/>\n<meta name=\"twitter:card\" content=\"summary_large_image\" \/>\n<meta name=\"twitter:creator\" content=\"@crueuniversidad\" \/>\n<meta name=\"twitter:site\" content=\"@crueuniversidad\" \/>\n<meta name=\"twitter:label1\" content=\"Written by\" \/>\n\t<meta name=\"twitter:data1\" content=\"c.contreras\" \/>\n\t<meta name=\"twitter:label2\" content=\"Est. reading time\" \/>\n\t<meta name=\"twitter:data2\" content=\"4 minutes\" \/>\n<script type=\"application\/ld+json\" class=\"yoast-schema-graph\">{\"@context\":\"https:\/\/schema.org\",\"@graph\":[{\"@type\":\"Article\",\"@id\":\"https:\/\/www.crue.org\/en\/2026\/04\/crue-and-anuies-call-for-shared-responsibility-to-strengthen-bilateral-cooperation-at-the-2nd-mexico-spain-rectors-summit\/#article\",\"isPartOf\":{\"@id\":\"https:\/\/www.crue.org\/en\/2026\/04\/crue-and-anuies-call-for-shared-responsibility-to-strengthen-bilateral-cooperation-at-the-2nd-mexico-spain-rectors-summit\/\"},\"author\":{\"name\":\"c.contreras\",\"@id\":\"https:\/\/www.crue.org\/#\/schema\/person\/f8d8346f24b8dbfea11147554af5c4e1\"},\"headline\":\"CRUE and ANUIES Call for Shared Responsibility to Strengthen Bilateral Cooperation at the 2nd Mexico\u2013Spain Rectors\u2019 Summit\",\"datePublished\":\"2026-04-20T15:18:52+00:00\",\"dateModified\":\"2026-04-23T15:31:26+00:00\",\"mainEntityOfPage\":{\"@id\":\"https:\/\/www.crue.org\/en\/2026\/04\/crue-and-anuies-call-for-shared-responsibility-to-strengthen-bilateral-cooperation-at-the-2nd-mexico-spain-rectors-summit\/\"},\"wordCount\":664,\"publisher\":{\"@id\":\"https:\/\/www.crue.org\/#organization\"},\"image\":{\"@id\":\"https:\/\/www.crue.org\/en\/2026\/04\/crue-and-anuies-call-for-shared-responsibility-to-strengthen-bilateral-cooperation-at-the-2nd-mexico-spain-rectors-summit\/#primaryimage\"},\"thumbnailUrl\":\"https:\/\/www.crue.org\/wp-content\/uploads\/2026\/04\/Cimera_Espana-Mexico_CRUE_26DLL096-scaled.jpg\",\"keywords\":[\"academic cooperation\",\"Academic mobility\",\"ANUIES\",\"binational chairs\",\"crue\",\"higher education\",\"Mexico\",\"Spain\"],\"articleSection\":[\"En portada\"],\"inLanguage\":\"en-US\"},{\"@type\":\"WebPage\",\"@id\":\"https:\/\/www.crue.org\/en\/2026\/04\/crue-and-anuies-call-for-shared-responsibility-to-strengthen-bilateral-cooperation-at-the-2nd-mexico-spain-rectors-summit\/\",\"url\":\"https:\/\/www.crue.org\/en\/2026\/04\/crue-and-anuies-call-for-shared-responsibility-to-strengthen-bilateral-cooperation-at-the-2nd-mexico-spain-rectors-summit\/\",\"name\":\"CRUE and ANUIES Call for Shared Responsibility to Strengthen Bilateral Cooperation at the 2nd Mexico\u2013Spain Rectors\u2019 Summit - CRUE\",\"isPartOf\":{\"@id\":\"https:\/\/www.crue.org\/#website\"},\"primaryImageOfPage\":{\"@id\":\"https:\/\/www.crue.org\/en\/2026\/04\/crue-and-anuies-call-for-shared-responsibility-to-strengthen-bilateral-cooperation-at-the-2nd-mexico-spain-rectors-summit\/#primaryimage\"},\"image\":{\"@id\":\"https:\/\/www.crue.org\/en\/2026\/04\/crue-and-anuies-call-for-shared-responsibility-to-strengthen-bilateral-cooperation-at-the-2nd-mexico-spain-rectors-summit\/#primaryimage\"},\"thumbnailUrl\":\"https:\/\/www.crue.org\/wp-content\/uploads\/2026\/04\/Cimera_Espana-Mexico_CRUE_26DLL096-scaled.jpg\",\"datePublished\":\"2026-04-20T15:18:52+00:00\",\"dateModified\":\"2026-04-23T15:31:26+00:00\",\"breadcrumb\":{\"@id\":\"https:\/\/www.crue.org\/en\/2026\/04\/crue-and-anuies-call-for-shared-responsibility-to-strengthen-bilateral-cooperation-at-the-2nd-mexico-spain-rectors-summit\/#breadcrumb\"},\"inLanguage\":\"en-US\",\"potentialAction\":[{\"@type\":\"ReadAction\",\"target\":[\"https:\/\/www.crue.org\/en\/2026\/04\/crue-and-anuies-call-for-shared-responsibility-to-strengthen-bilateral-cooperation-at-the-2nd-mexico-spain-rectors-summit\/\"]}]},{\"@type\":\"ImageObject\",\"inLanguage\":\"en-US\",\"@id\":\"https:\/\/www.crue.org\/en\/2026\/04\/crue-and-anuies-call-for-shared-responsibility-to-strengthen-bilateral-cooperation-at-the-2nd-mexico-spain-rectors-summit\/#primaryimage\",\"url\":\"https:\/\/www.crue.org\/wp-content\/uploads\/2026\/04\/Cimera_Espana-Mexico_CRUE_26DLL096-scaled.jpg\",\"contentUrl\":\"https:\/\/www.crue.org\/wp-content\/uploads\/2026\/04\/Cimera_Espana-Mexico_CRUE_26DLL096-scaled.jpg\",\"width\":2560,\"height\":1708,\"caption\":\"inauguraci\u00f3n cumbre\"},{\"@type\":\"BreadcrumbList\",\"@id\":\"https:\/\/www.crue.org\/en\/2026\/04\/crue-and-anuies-call-for-shared-responsibility-to-strengthen-bilateral-cooperation-at-the-2nd-mexico-spain-rectors-summit\/#breadcrumb\",\"itemListElement\":[{\"@type\":\"ListItem\",\"position\":1,\"name\":\"Home\",\"item\":\"https:\/\/www.crue.org\/en\/\"},{\"@type\":\"ListItem\",\"position\":2,\"name\":\"CRUE and ANUIES Call for Shared Responsibility to Strengthen Bilateral Cooperation at the 2nd Mexico\u2013Spain Rectors\u2019 Summit\"}]},{\"@type\":\"WebSite\",\"@id\":\"https:\/\/www.crue.org\/#website\",\"url\":\"https:\/\/www.crue.org\/\",\"name\":\"CRUE\",\"description\":\"Conferencia de Rectores de las Universidades Espa\u00f1olas\",\"publisher\":{\"@id\":\"https:\/\/www.crue.org\/#organization\"},\"potentialAction\":[{\"@type\":\"SearchAction\",\"target\":{\"@type\":\"EntryPoint\",\"urlTemplate\":\"https:\/\/www.crue.org\/?s={search_term_string}\"},\"query-input\":{\"@type\":\"PropertyValueSpecification\",\"valueRequired\":true,\"valueName\":\"search_term_string\"}}],\"inLanguage\":\"en-US\"},{\"@type\":\"Organization\",\"@id\":\"https:\/\/www.crue.org\/#organization\",\"name\":\"CRUE\",\"url\":\"https:\/\/www.crue.org\/\",\"logo\":{\"@type\":\"ImageObject\",\"inLanguage\":\"en-US\",\"@id\":\"https:\/\/www.crue.org\/#\/schema\/logo\/image\/\",\"url\":\"https:\/\/www.crue.org\/wp-content\/uploads\/2023\/12\/cropped-CRUE-SPANISH-UNIVERSITIES.png\",\"contentUrl\":\"https:\/\/www.crue.org\/wp-content\/uploads\/2023\/12\/cropped-CRUE-SPANISH-UNIVERSITIES.png\",\"width\":530,\"height\":100,\"caption\":\"CRUE\"},\"image\":{\"@id\":\"https:\/\/www.crue.org\/#\/schema\/logo\/image\/\"},\"sameAs\":[\"https:\/\/x.com\/crueuniversidad\",\"https:\/\/www.linkedin.com\/company\/crue-universidad\/\"]},{\"@type\":\"Person\",\"@id\":\"https:\/\/www.crue.org\/#\/schema\/person\/f8d8346f24b8dbfea11147554af5c4e1\",\"name\":\"c.contreras\",\"url\":\"https:\/\/www.crue.org\/en\/author\/c-contreras\/\"}]}<\/script>\n<!-- \/ Yoast SEO plugin. -->","yoast_head_json":{"title":"CRUE and ANUIES Call for Shared Responsibility to Strengthen Bilateral Cooperation at the 2nd Mexico\u2013Spain Rectors\u2019 Summit - CRUE","robots":{"index":"index","follow":"follow","max-snippet":"max-snippet:-1","max-image-preview":"max-image-preview:large","max-video-preview":"max-video-preview:-1"},"canonical":"https:\/\/www.crue.org\/en\/2026\/04\/crue-and-anuies-call-for-shared-responsibility-to-strengthen-bilateral-cooperation-at-the-2nd-mexico-spain-rectors-summit\/","og_locale":"en_US","og_type":"article","og_title":"CRUE and ANUIES Call for Shared Responsibility to Strengthen Bilateral Cooperation at the 2nd Mexico\u2013Spain Rectors\u2019 Summit - CRUE","og_description":"Castell\u00f3n de la Plana, 20 April 2026. The Conference of Rectors of Spanish Universities (CRUE) today opened the 2nd Mexico\u2013Spain Rectors\u2019 Summit 2026 at Universitat Jaume I, bringing together over one hundred representatives from institutions in both countries. More than 60 universities and higher education institutions are taking part, including 39 rectors. During the opening &hellip; Continue reading \"CRUE and ANUIES Call for Shared Responsibility to Strengthen Bilateral Cooperation at the 2nd Mexico\u2013Spain Rectors\u2019 Summit\"","og_url":"https:\/\/www.crue.org\/en\/2026\/04\/crue-and-anuies-call-for-shared-responsibility-to-strengthen-bilateral-cooperation-at-the-2nd-mexico-spain-rectors-summit\/","og_site_name":"CRUE","article_published_time":"2026-04-20T15:18:52+00:00","article_modified_time":"2026-04-23T15:31:26+00:00","og_image":[{"width":2560,"height":1708,"url":"https:\/\/www.crue.org\/wp-content\/uploads\/2026\/04\/Cimera_Espana-Mexico_CRUE_26DLL096-scaled.jpg","type":"image\/jpeg"}],"author":"c.contreras","twitter_card":"summary_large_image","twitter_creator":"@crueuniversidad","twitter_site":"@crueuniversidad","twitter_misc":{"Written by":"c.contreras","Est. reading time":"4 minutes"},"schema":{"@context":"https:\/\/schema.org","@graph":[{"@type":"Article","@id":"https:\/\/www.crue.org\/en\/2026\/04\/crue-and-anuies-call-for-shared-responsibility-to-strengthen-bilateral-cooperation-at-the-2nd-mexico-spain-rectors-summit\/#article","isPartOf":{"@id":"https:\/\/www.crue.org\/en\/2026\/04\/crue-and-anuies-call-for-shared-responsibility-to-strengthen-bilateral-cooperation-at-the-2nd-mexico-spain-rectors-summit\/"},"author":{"name":"c.contreras","@id":"https:\/\/www.crue.org\/#\/schema\/person\/f8d8346f24b8dbfea11147554af5c4e1"},"headline":"CRUE and ANUIES Call for Shared Responsibility to Strengthen Bilateral Cooperation at the 2nd Mexico\u2013Spain Rectors\u2019 Summit","datePublished":"2026-04-20T15:18:52+00:00","dateModified":"2026-04-23T15:31:26+00:00","mainEntityOfPage":{"@id":"https:\/\/www.crue.org\/en\/2026\/04\/crue-and-anuies-call-for-shared-responsibility-to-strengthen-bilateral-cooperation-at-the-2nd-mexico-spain-rectors-summit\/"},"wordCount":664,"publisher":{"@id":"https:\/\/www.crue.org\/#organization"},"image":{"@id":"https:\/\/www.crue.org\/en\/2026\/04\/crue-and-anuies-call-for-shared-responsibility-to-strengthen-bilateral-cooperation-at-the-2nd-mexico-spain-rectors-summit\/#primaryimage"},"thumbnailUrl":"https:\/\/www.crue.org\/wp-content\/uploads\/2026\/04\/Cimera_Espana-Mexico_CRUE_26DLL096-scaled.jpg","keywords":["academic cooperation","Academic mobility","ANUIES","binational chairs","crue","higher education","Mexico","Spain"],"articleSection":["En portada"],"inLanguage":"en-US"},{"@type":"WebPage","@id":"https:\/\/www.crue.org\/en\/2026\/04\/crue-and-anuies-call-for-shared-responsibility-to-strengthen-bilateral-cooperation-at-the-2nd-mexico-spain-rectors-summit\/","url":"https:\/\/www.crue.org\/en\/2026\/04\/crue-and-anuies-call-for-shared-responsibility-to-strengthen-bilateral-cooperation-at-the-2nd-mexico-spain-rectors-summit\/","name":"CRUE and ANUIES Call for Shared Responsibility to Strengthen Bilateral Cooperation at the 2nd Mexico\u2013Spain Rectors\u2019 Summit - CRUE","isPartOf":{"@id":"https:\/\/www.crue.org\/#website"},"primaryImageOfPage":{"@id":"https:\/\/www.crue.org\/en\/2026\/04\/crue-and-anuies-call-for-shared-responsibility-to-strengthen-bilateral-cooperation-at-the-2nd-mexico-spain-rectors-summit\/#primaryimage"},"image":{"@id":"https:\/\/www.crue.org\/en\/2026\/04\/crue-and-anuies-call-for-shared-responsibility-to-strengthen-bilateral-cooperation-at-the-2nd-mexico-spain-rectors-summit\/#primaryimage"},"thumbnailUrl":"https:\/\/www.crue.org\/wp-content\/uploads\/2026\/04\/Cimera_Espana-Mexico_CRUE_26DLL096-scaled.jpg","datePublished":"2026-04-20T15:18:52+00:00","dateModified":"2026-04-23T15:31:26+00:00","breadcrumb":{"@id":"https:\/\/www.crue.org\/en\/2026\/04\/crue-and-anuies-call-for-shared-responsibility-to-strengthen-bilateral-cooperation-at-the-2nd-mexico-spain-rectors-summit\/#breadcrumb"},"inLanguage":"en-US","potentialAction":[{"@type":"ReadAction","target":["https:\/\/www.crue.org\/en\/2026\/04\/crue-and-anuies-call-for-shared-responsibility-to-strengthen-bilateral-cooperation-at-the-2nd-mexico-spain-rectors-summit\/"]}]},{"@type":"ImageObject","inLanguage":"en-US","@id":"https:\/\/www.crue.org\/en\/2026\/04\/crue-and-anuies-call-for-shared-responsibility-to-strengthen-bilateral-cooperation-at-the-2nd-mexico-spain-rectors-summit\/#primaryimage","url":"https:\/\/www.crue.org\/wp-content\/uploads\/2026\/04\/Cimera_Espana-Mexico_CRUE_26DLL096-scaled.jpg","contentUrl":"https:\/\/www.crue.org\/wp-content\/uploads\/2026\/04\/Cimera_Espana-Mexico_CRUE_26DLL096-scaled.jpg","width":2560,"height":1708,"caption":"inauguraci\u00f3n cumbre"},{"@type":"BreadcrumbList","@id":"https:\/\/www.crue.org\/en\/2026\/04\/crue-and-anuies-call-for-shared-responsibility-to-strengthen-bilateral-cooperation-at-the-2nd-mexico-spain-rectors-summit\/#breadcrumb","itemListElement":[{"@type":"ListItem","position":1,"name":"Home","item":"https:\/\/www.crue.org\/en\/"},{"@type":"ListItem","position":2,"name":"CRUE and ANUIES Call for Shared Responsibility to Strengthen Bilateral Cooperation at the 2nd Mexico\u2013Spain Rectors\u2019 Summit"}]},{"@type":"WebSite","@id":"https:\/\/www.crue.org\/#website","url":"https:\/\/www.crue.org\/","name":"CRUE","description":"Conferencia de Rectores de las Universidades Espa\u00f1olas","publisher":{"@id":"https:\/\/www.crue.org\/#organization"},"potentialAction":[{"@type":"SearchAction","target":{"@type":"EntryPoint","urlTemplate":"https:\/\/www.crue.org\/?s={search_term_string}"},"query-input":{"@type":"PropertyValueSpecification","valueRequired":true,"valueName":"search_term_string"}}],"inLanguage":"en-US"},{"@type":"Organization","@id":"https:\/\/www.crue.org\/#organization","name":"CRUE","url":"https:\/\/www.crue.org\/","logo":{"@type":"ImageObject","inLanguage":"en-US","@id":"https:\/\/www.crue.org\/#\/schema\/logo\/image\/","url":"https:\/\/www.crue.org\/wp-content\/uploads\/2023\/12\/cropped-CRUE-SPANISH-UNIVERSITIES.png","contentUrl":"https:\/\/www.crue.org\/wp-content\/uploads\/2023\/12\/cropped-CRUE-SPANISH-UNIVERSITIES.png","width":530,"height":100,"caption":"CRUE"},"image":{"@id":"https:\/\/www.crue.org\/#\/schema\/logo\/image\/"},"sameAs":["https:\/\/x.com\/crueuniversidad","https:\/\/www.linkedin.com\/company\/crue-universidad\/"]},{"@type":"Person","@id":"https:\/\/www.crue.org\/#\/schema\/person\/f8d8346f24b8dbfea11147554af5c4e1","name":"c.contreras","url":"https:\/\/www.crue.org\/en\/author\/c-contreras\/"}]}},"_links":{"self":[{"href":"https:\/\/www.crue.org\/en\/wp-json\/wp\/v2\/posts\/26542","targetHints":{"allow":["GET"]}}],"collection":[{"href":"https:\/\/www.crue.org\/en\/wp-json\/wp\/v2\/posts"}],"about":[{"href":"https:\/\/www.crue.org\/en\/wp-json\/wp\/v2\/types\/post"}],"author":[{"embeddable":true,"href":"https:\/\/www.crue.org\/en\/wp-json\/wp\/v2\/users\/13"}],"replies":[{"embeddable":true,"href":"https:\/\/www.crue.org\/en\/wp-json\/wp\/v2\/comments?post=26542"}],"version-history":[{"count":4,"href":"https:\/\/www.crue.org\/en\/wp-json\/wp\/v2\/posts\/26542\/revisions"}],"predecessor-version":[{"id":26546,"href":"https:\/\/www.crue.org\/en\/wp-json\/wp\/v2\/posts\/26542\/revisions\/26546"}],"wp:featuredmedia":[{"embeddable":true,"href":"https:\/\/www.crue.org\/en\/wp-json\/wp\/v2\/media\/26496"}],"wp:attachment":[{"href":"https:\/\/www.crue.org\/en\/wp-json\/wp\/v2\/media?parent=26542"}],"wp:term":[{"taxonomy":"category","embeddable":true,"href":"https:\/\/www.crue.org\/en\/wp-json\/wp\/v2\/categories?post=26542"},{"taxonomy":"post_tag","embeddable":true,"href":"https:\/\/www.crue.org\/en\/wp-json\/wp\/v2\/tags?post=26542"}],"curies":[{"name":"wp","href":"https:\/\/api.w.org\/{rel}","templated":true}]}}