{"id":26547,"date":"2026-04-21T17:30:00","date_gmt":"2026-04-21T15:30:00","guid":{"rendered":"https:\/\/www.crue.org\/?p=26547"},"modified":"2026-04-23T17:32:23","modified_gmt":"2026-04-23T15:32:23","slug":"joint-declaration-of-the-2nd-mexico-spain-rectors-summit-sets-a-new-phase-for-university-cooperation-in-the-ibero-american-context","status":"publish","type":"post","link":"https:\/\/www.crue.org\/en\/2026\/04\/joint-declaration-of-the-2nd-mexico-spain-rectors-summit-sets-a-new-phase-for-university-cooperation-in-the-ibero-american-context\/","title":{"rendered":"Joint Declaration of the 2nd Mexico\u2013Spain Rectors\u2019 Summit Sets a New Phase for University Cooperation in the Ibero-American Context"},"content":{"rendered":"\n<figure class=\"wp-block-image\"><img loading=\"lazy\" decoding=\"async\" width=\"1024\" height=\"683\" src=\"https:\/\/www.crue.org\/wp-content\/uploads\/2026\/04\/Cimera_Espana-Mexico_CRUE_26DLL303-1024x683.jpg\" alt=\"\" class=\"wp-image-26511\" srcset=\"https:\/\/www.crue.org\/wp-content\/uploads\/2026\/04\/Cimera_Espana-Mexico_CRUE_26DLL303-1024x683.jpg 1024w, https:\/\/www.crue.org\/wp-content\/uploads\/2026\/04\/Cimera_Espana-Mexico_CRUE_26DLL303-300x200.jpg 300w, https:\/\/www.crue.org\/wp-content\/uploads\/2026\/04\/Cimera_Espana-Mexico_CRUE_26DLL303-768x512.jpg 768w, https:\/\/www.crue.org\/wp-content\/uploads\/2026\/04\/Cimera_Espana-Mexico_CRUE_26DLL303-1536x1025.jpg 1536w, https:\/\/www.crue.org\/wp-content\/uploads\/2026\/04\/Cimera_Espana-Mexico_CRUE_26DLL303-2048x1366.jpg 2048w\" sizes=\"auto, (max-width: 767px) 89vw, (max-width: 1000px) 54vw, (max-width: 1071px) 543px, 580px\" \/><\/figure>\n\n\n\n<p><strong>Castell\u00f3n de la Plana, 21 April 2026.<\/strong> The 2nd Mexico\u2013Spain Rectors\u2019 Summit, held at Universitat Jaume I, concluded today with the adoption of a joint declaration that consolidates this forum as a strategic platform for academic cooperation and sets out a shared agenda with impact across the Ibero-American region. The document, presented by the Vice-President of CRUE and Rector of the University of Murcia, Jos\u00e9 Luj\u00e1n, and by Luis Alberto Fierro, General Coordinator for Academic and Institutional Strengthening at ANUIES, reaffirms the role of universities as key actors in sustainable development, social cohesion and economic progress.<\/p>\n\n\n\n<p>The declaration establishes a comprehensive roadmap structured around strategic priorities. In higher education, it calls for accelerating pedagogical innovation, the digitalisation of teaching, curricular internationalisation and the development of joint programmes. In science, technology and innovation, it promotes shared research agendas aimed at addressing global challenges and strengthening collaboration between universities, research centres and the productive sector. It also reinforces academic mobility\u2014physical, virtual and intersectoral\u2014the development of joint degrees and the simplification of academic recognition, with a view to advancing towards a common university space.<\/p>\n\n\n\n<p>The document also underlines the commitment of universities to the 2030 Agenda, their role in promoting more inclusive and sustainable societies, and the need to strengthen their social impact. In terms of governance, it calls for more agile, transparent and sustainable models, reinforcing institutional autonomy and international strategic partnerships. Notably, it identifies the Mexico\u2013Spain Binational Chairs as a key instrument for structured cooperation, designed to promote high-impact joint projects in research, education and knowledge transfer, with a long-term perspective and tangible results.<\/p>\n\n\n\n<figure class=\"wp-block-image\"><img loading=\"lazy\" decoding=\"async\" width=\"1024\" height=\"683\" src=\"https:\/\/www.crue.org\/wp-content\/uploads\/2026\/04\/FotoGrupoCumbreRectoresMexico-EspanaUJI2026-1024x683.jpg\" alt=\"\" class=\"wp-image-26538\" srcset=\"https:\/\/www.crue.org\/wp-content\/uploads\/2026\/04\/FotoGrupoCumbreRectoresMexico-EspanaUJI2026-1024x683.jpg 1024w, https:\/\/www.crue.org\/wp-content\/uploads\/2026\/04\/FotoGrupoCumbreRectoresMexico-EspanaUJI2026-300x200.jpg 300w, https:\/\/www.crue.org\/wp-content\/uploads\/2026\/04\/FotoGrupoCumbreRectoresMexico-EspanaUJI2026-768x512.jpg 768w, https:\/\/www.crue.org\/wp-content\/uploads\/2026\/04\/FotoGrupoCumbreRectoresMexico-EspanaUJI2026-1536x1024.jpg 1536w, https:\/\/www.crue.org\/wp-content\/uploads\/2026\/04\/FotoGrupoCumbreRectoresMexico-EspanaUJI2026-2048x1365.jpg 2048w\" sizes=\"auto, (max-width: 767px) 89vw, (max-width: 1000px) 54vw, (max-width: 1071px) 543px, 580px\" \/><\/figure>\n\n\n\n<p>In her closing remarks, the President of CRUE and Rector of Universitat Jaume I, Eva Alc\u00f3n, stated that over the two days of the Mexico\u2013Spain bilateral meeting it had become clear that \u201ccooperation between our university systems is not only solid, but also has enormous potential for growth.\u201d<\/p>\n\n\n\n<p><a href=\"https:\/\/eventos.crue.org\/getFiles\/hash\/OwATZyAzMhZTM0QGOiVDMwIGZ3EmM0UmZI2Y3kjMycD:Mmh2Wm9ua0VJRTNidEwzMVhzWjhqWFFWSU1qZTRTQ1AwOFpSMzlabHhHMEs3a0FoN3poMjcvcjQvOGY4WGRVL1hGSG9qdFF3M3lMM0taZHROUGNvZW9Eb0NzdjNVVjZSQnhoSG1aVWpyQjZXdENWd1UyQ3FlbUJyYnBja05lMTYzRU4vN0RIZ1o2alpGUTR5Z1NnYk5yZzM5WkFEaEwvZDFkaFozSUJSZUYvNUM5bElvY1k3UHQzQ0ZjMVRKekk5aUFOa3F5QjBiWE1WZVo0a05LVE9UTXRmWkhHVWR1eFFMeURPeERMS0t2bW9xOXBaSGQzbVQxaGZsbk56MnRhYg==\">The joint declaration is available here.<\/a><\/p>\n\n\n\n<h3 class=\"wp-block-heading\"><strong>Spanish delegation<\/strong><\/h3>\n\n\n\n<p>The Spanish delegation at the Summit included representatives from 27 universities, as well as one from Andorra, and was led by the President of CRUE and Rector of Universitat Jaume I, Eva Alc\u00f3n. She was accompanied by members of CRUE\u2019s Governing Board, including Vice-President and Rector of the University of Murcia, Jos\u00e9 Luj\u00e1n; Vice-President and Rector of CEU San Pablo University, Rosa Visiedo; Board Member and Rector of the Autonomous University of Madrid, Amaya Mendikoetxea; Board Member and Rector of Pablo de Olavide University, Francisco Oliva; and Delegate for Equality Policies and Rector of the University of Cantabria, Concepci\u00f3n L\u00f3pez.<\/p>\n\n\n\n<p>Also taking part were the President of Crue-Internationalisation and Cooperation and Rector of UNED, Ricardo Mairal; the President of Crue-R&amp;D&amp;I and Rector of the University of Castilla-La Mancha, Juli\u00e1n Garde; the President of Crue-Management and Rector of the University of Alicante, Amparo Navarro; the President of Crue-Digitalisation and Rector of Universitat Polit\u00e8cnica de Val\u00e8ncia, Jos\u00e9 E. Capilla; the President of Crue-Teaching and Rector of the Public University of Navarre, Ram\u00f3n Gonzalo; the President of Crue-Academic Staff and Rector of the University of Barcelona, Joan Gu\u00e0rdia; the new President of Crue-Secretaries General and Rector of the University of Oviedo, Ignacio Villaverde; the President of Crue-Sustainability and Rector of the University of Le\u00f3n, Nuria Gonz\u00e1lez; and the President of Crue-Student Affairs and Rector of the University of Almer\u00eda, Jos\u00e9 Joaqu\u00edn C\u00e9spedes.<\/p>\n\n\n\n<p>The delegation also included the Rector of the University of Burgos, Jos\u00e9 Miguel Garc\u00eda; the Rector of the University of Granada, Pedro Mercado; the Rector of the University of the Balearic Islands, Jaume Carot; the Rector of the University of La Laguna, Francisco J. Garc\u00eda; the Rector of the University of La Rioja, Eva Sanz; the Rector of the University of Las Palmas de Gran Canaria, Llu\u00eds Serra; and the Rector of the University of Zaragoza, Rosa Bolea.<\/p>\n\n\n\n<p>Representing the rectors of the universities of Extremadura, Lleida and the Polytechnic University of Madrid were their respective Vice-Rectors: Mercedes Rico (Academic Planning), Cristian Sol\u00e9 (Internationalisation) and Luis Salgado \u00c1lvarez de Sotomayor (Internationalisation).<\/p>\n\n\n\n<p>Also in attendance were the Rector of the University of Andorra, Juli Minoves; the Secretary General of the Ibero-American Programme for Science and Technology for Development (CYTED), F\u00e9lix Garc\u00eda Laus\u00edn; and CRUE\u2019s Secretary General, M\u00aa Teresa Lozano, among others.<\/p>\n","protected":false},"excerpt":{"rendered":"<p>Castell\u00f3n de la Plana, 21 April 2026. The 2nd Mexico\u2013Spain Rectors\u2019 Summit, held at Universitat Jaume I, concluded today with the adoption of a joint declaration that consolidates this forum as a strategic platform for academic cooperation and sets out a shared agenda with impact across the Ibero-American region. The document, presented by the Vice-President &hellip; <\/p>\n<p class=\"link-more\"><a href=\"https:\/\/www.crue.org\/en\/2026\/04\/joint-declaration-of-the-2nd-mexico-spain-rectors-summit-sets-a-new-phase-for-university-cooperation-in-the-ibero-american-context\/\" class=\"more-link\">Continue reading<span class=\"screen-reader-text\"> &#8220;Joint Declaration of the 2nd Mexico\u2013Spain Rectors\u2019 Summit Sets a New Phase for University Cooperation in the Ibero-American Context&#8221;<\/span><\/a><\/p>\n","protected":false},"author":13,"featured_media":26512,"comment_status":"closed","ping_status":"closed","sticky":false,"template":"","format":"standard","meta":{"_acf_changed":false,"footnotes":""},"categories":[1338,1312],"tags":[3178,3180,1343,1863,2952,1864,3182],"class_list":["post-26547","post","type-post","status-publish","format-standard","has-post-thumbnail","hentry","category-en-portada-en","category-uncategorized","tag-anuies","tag-binational-chairs","tag-crue-en","tag-higher-education","tag-ibero-american-cooperation","tag-international-cooperation","tag-joint-declaration"],"acf":[],"yoast_head":"<!-- This site is optimized with the Yoast SEO plugin v26.4 - https:\/\/yoast.com\/wordpress\/plugins\/seo\/ -->\n<title>Joint Declaration of the 2nd Mexico\u2013Spain Rectors\u2019 Summit Sets a New Phase for University Cooperation in the Ibero-American Context - CRUE<\/title>\n<meta name=\"robots\" content=\"index, follow, max-snippet:-1, max-image-preview:large, max-video-preview:-1\" \/>\n<link rel=\"canonical\" href=\"https:\/\/www.crue.org\/en\/2026\/04\/joint-declaration-of-the-2nd-mexico-spain-rectors-summit-sets-a-new-phase-for-university-cooperation-in-the-ibero-american-context\/\" \/>\n<meta property=\"og:locale\" content=\"en_US\" \/>\n<meta property=\"og:type\" content=\"article\" \/>\n<meta property=\"og:title\" content=\"Joint Declaration of the 2nd Mexico\u2013Spain Rectors\u2019 Summit Sets a New Phase for University Cooperation in the Ibero-American Context - CRUE\" \/>\n<meta property=\"og:description\" content=\"Castell\u00f3n de la Plana, 21 April 2026. The 2nd Mexico\u2013Spain Rectors\u2019 Summit, held at Universitat Jaume I, concluded today with the adoption of a joint declaration that consolidates this forum as a strategic platform for academic cooperation and sets out a shared agenda with impact across the Ibero-American region. The document, presented by the Vice-President &hellip; Continue reading &quot;Joint Declaration of the 2nd Mexico\u2013Spain Rectors\u2019 Summit Sets a New Phase for University Cooperation in the Ibero-American Context&quot;\" \/>\n<meta property=\"og:url\" content=\"https:\/\/www.crue.org\/en\/2026\/04\/joint-declaration-of-the-2nd-mexico-spain-rectors-summit-sets-a-new-phase-for-university-cooperation-in-the-ibero-american-context\/\" \/>\n<meta property=\"og:site_name\" content=\"CRUE\" \/>\n<meta property=\"article:published_time\" content=\"2026-04-21T15:30:00+00:00\" \/>\n<meta property=\"article:modified_time\" content=\"2026-04-23T15:32:23+00:00\" \/>\n<meta property=\"og:image\" content=\"https:\/\/www.crue.org\/wp-content\/uploads\/2026\/04\/Cimera_Espana-Mexico_CRUE_26DLL303-scaled.jpg\" \/>\n\t<meta property=\"og:image:width\" content=\"2560\" \/>\n\t<meta property=\"og:image:height\" content=\"1708\" \/>\n\t<meta property=\"og:image:type\" content=\"image\/jpeg\" \/>\n<meta name=\"author\" content=\"c.contreras\" \/>\n<meta name=\"twitter:card\" content=\"summary_large_image\" \/>\n<meta name=\"twitter:creator\" content=\"@crueuniversidad\" \/>\n<meta name=\"twitter:site\" content=\"@crueuniversidad\" \/>\n<meta name=\"twitter:label1\" content=\"Written by\" \/>\n\t<meta name=\"twitter:data1\" content=\"c.contreras\" \/>\n\t<meta name=\"twitter:label2\" content=\"Est. reading time\" \/>\n\t<meta name=\"twitter:data2\" content=\"4 minutes\" \/>\n<script type=\"application\/ld+json\" class=\"yoast-schema-graph\">{\"@context\":\"https:\/\/schema.org\",\"@graph\":[{\"@type\":\"Article\",\"@id\":\"https:\/\/www.crue.org\/en\/2026\/04\/joint-declaration-of-the-2nd-mexico-spain-rectors-summit-sets-a-new-phase-for-university-cooperation-in-the-ibero-american-context\/#article\",\"isPartOf\":{\"@id\":\"https:\/\/www.crue.org\/en\/2026\/04\/joint-declaration-of-the-2nd-mexico-spain-rectors-summit-sets-a-new-phase-for-university-cooperation-in-the-ibero-american-context\/\"},\"author\":{\"name\":\"c.contreras\",\"@id\":\"https:\/\/www.crue.org\/#\/schema\/person\/f8d8346f24b8dbfea11147554af5c4e1\"},\"headline\":\"Joint Declaration of the 2nd Mexico\u2013Spain Rectors\u2019 Summit Sets a New Phase for University Cooperation in the Ibero-American Context\",\"datePublished\":\"2026-04-21T15:30:00+00:00\",\"dateModified\":\"2026-04-23T15:32:23+00:00\",\"mainEntityOfPage\":{\"@id\":\"https:\/\/www.crue.org\/en\/2026\/04\/joint-declaration-of-the-2nd-mexico-spain-rectors-summit-sets-a-new-phase-for-university-cooperation-in-the-ibero-american-context\/\"},\"wordCount\":748,\"publisher\":{\"@id\":\"https:\/\/www.crue.org\/#organization\"},\"image\":{\"@id\":\"https:\/\/www.crue.org\/en\/2026\/04\/joint-declaration-of-the-2nd-mexico-spain-rectors-summit-sets-a-new-phase-for-university-cooperation-in-the-ibero-american-context\/#primaryimage\"},\"thumbnailUrl\":\"https:\/\/www.crue.org\/wp-content\/uploads\/2026\/04\/Cimera_Espana-Mexico_CRUE_26DLL303-scaled.jpg\",\"keywords\":[\"ANUIES\",\"binational chairs\",\"crue\",\"higher education\",\"Ibero-American Cooperation\",\"international cooperation\",\"joint declaration\"],\"articleSection\":[\"En portada\"],\"inLanguage\":\"en-US\"},{\"@type\":\"WebPage\",\"@id\":\"https:\/\/www.crue.org\/en\/2026\/04\/joint-declaration-of-the-2nd-mexico-spain-rectors-summit-sets-a-new-phase-for-university-cooperation-in-the-ibero-american-context\/\",\"url\":\"https:\/\/www.crue.org\/en\/2026\/04\/joint-declaration-of-the-2nd-mexico-spain-rectors-summit-sets-a-new-phase-for-university-cooperation-in-the-ibero-american-context\/\",\"name\":\"Joint Declaration of the 2nd Mexico\u2013Spain Rectors\u2019 Summit Sets a New Phase for University Cooperation in the Ibero-American Context - CRUE\",\"isPartOf\":{\"@id\":\"https:\/\/www.crue.org\/#website\"},\"primaryImageOfPage\":{\"@id\":\"https:\/\/www.crue.org\/en\/2026\/04\/joint-declaration-of-the-2nd-mexico-spain-rectors-summit-sets-a-new-phase-for-university-cooperation-in-the-ibero-american-context\/#primaryimage\"},\"image\":{\"@id\":\"https:\/\/www.crue.org\/en\/2026\/04\/joint-declaration-of-the-2nd-mexico-spain-rectors-summit-sets-a-new-phase-for-university-cooperation-in-the-ibero-american-context\/#primaryimage\"},\"thumbnailUrl\":\"https:\/\/www.crue.org\/wp-content\/uploads\/2026\/04\/Cimera_Espana-Mexico_CRUE_26DLL303-scaled.jpg\",\"datePublished\":\"2026-04-21T15:30:00+00:00\",\"dateModified\":\"2026-04-23T15:32:23+00:00\",\"breadcrumb\":{\"@id\":\"https:\/\/www.crue.org\/en\/2026\/04\/joint-declaration-of-the-2nd-mexico-spain-rectors-summit-sets-a-new-phase-for-university-cooperation-in-the-ibero-american-context\/#breadcrumb\"},\"inLanguage\":\"en-US\",\"potentialAction\":[{\"@type\":\"ReadAction\",\"target\":[\"https:\/\/www.crue.org\/en\/2026\/04\/joint-declaration-of-the-2nd-mexico-spain-rectors-summit-sets-a-new-phase-for-university-cooperation-in-the-ibero-american-context\/\"]}]},{\"@type\":\"ImageObject\",\"inLanguage\":\"en-US\",\"@id\":\"https:\/\/www.crue.org\/en\/2026\/04\/joint-declaration-of-the-2nd-mexico-spain-rectors-summit-sets-a-new-phase-for-university-cooperation-in-the-ibero-american-context\/#primaryimage\",\"url\":\"https:\/\/www.crue.org\/wp-content\/uploads\/2026\/04\/Cimera_Espana-Mexico_CRUE_26DLL303-scaled.jpg\",\"contentUrl\":\"https:\/\/www.crue.org\/wp-content\/uploads\/2026\/04\/Cimera_Espana-Mexico_CRUE_26DLL303-scaled.jpg\",\"width\":2560,\"height\":1708},{\"@type\":\"BreadcrumbList\",\"@id\":\"https:\/\/www.crue.org\/en\/2026\/04\/joint-declaration-of-the-2nd-mexico-spain-rectors-summit-sets-a-new-phase-for-university-cooperation-in-the-ibero-american-context\/#breadcrumb\",\"itemListElement\":[{\"@type\":\"ListItem\",\"position\":1,\"name\":\"Home\",\"item\":\"https:\/\/www.crue.org\/en\/\"},{\"@type\":\"ListItem\",\"position\":2,\"name\":\"Joint Declaration of the 2nd Mexico\u2013Spain Rectors\u2019 Summit Sets a New Phase for University Cooperation in the Ibero-American Context\"}]},{\"@type\":\"WebSite\",\"@id\":\"https:\/\/www.crue.org\/#website\",\"url\":\"https:\/\/www.crue.org\/\",\"name\":\"CRUE\",\"description\":\"Conferencia de Rectores de las Universidades Espa\u00f1olas\",\"publisher\":{\"@id\":\"https:\/\/www.crue.org\/#organization\"},\"potentialAction\":[{\"@type\":\"SearchAction\",\"target\":{\"@type\":\"EntryPoint\",\"urlTemplate\":\"https:\/\/www.crue.org\/?s={search_term_string}\"},\"query-input\":{\"@type\":\"PropertyValueSpecification\",\"valueRequired\":true,\"valueName\":\"search_term_string\"}}],\"inLanguage\":\"en-US\"},{\"@type\":\"Organization\",\"@id\":\"https:\/\/www.crue.org\/#organization\",\"name\":\"CRUE\",\"url\":\"https:\/\/www.crue.org\/\",\"logo\":{\"@type\":\"ImageObject\",\"inLanguage\":\"en-US\",\"@id\":\"https:\/\/www.crue.org\/#\/schema\/logo\/image\/\",\"url\":\"https:\/\/www.crue.org\/wp-content\/uploads\/2023\/12\/cropped-CRUE-SPANISH-UNIVERSITIES.png\",\"contentUrl\":\"https:\/\/www.crue.org\/wp-content\/uploads\/2023\/12\/cropped-CRUE-SPANISH-UNIVERSITIES.png\",\"width\":530,\"height\":100,\"caption\":\"CRUE\"},\"image\":{\"@id\":\"https:\/\/www.crue.org\/#\/schema\/logo\/image\/\"},\"sameAs\":[\"https:\/\/x.com\/crueuniversidad\",\"https:\/\/www.linkedin.com\/company\/crue-universidad\/\"]},{\"@type\":\"Person\",\"@id\":\"https:\/\/www.crue.org\/#\/schema\/person\/f8d8346f24b8dbfea11147554af5c4e1\",\"name\":\"c.contreras\",\"url\":\"https:\/\/www.crue.org\/en\/author\/c-contreras\/\"}]}<\/script>\n<!-- \/ Yoast SEO plugin. -->","yoast_head_json":{"title":"Joint Declaration of the 2nd Mexico\u2013Spain Rectors\u2019 Summit Sets a New Phase for University Cooperation in the Ibero-American Context - CRUE","robots":{"index":"index","follow":"follow","max-snippet":"max-snippet:-1","max-image-preview":"max-image-preview:large","max-video-preview":"max-video-preview:-1"},"canonical":"https:\/\/www.crue.org\/en\/2026\/04\/joint-declaration-of-the-2nd-mexico-spain-rectors-summit-sets-a-new-phase-for-university-cooperation-in-the-ibero-american-context\/","og_locale":"en_US","og_type":"article","og_title":"Joint Declaration of the 2nd Mexico\u2013Spain Rectors\u2019 Summit Sets a New Phase for University Cooperation in the Ibero-American Context - CRUE","og_description":"Castell\u00f3n de la Plana, 21 April 2026. The 2nd Mexico\u2013Spain Rectors\u2019 Summit, held at Universitat Jaume I, concluded today with the adoption of a joint declaration that consolidates this forum as a strategic platform for academic cooperation and sets out a shared agenda with impact across the Ibero-American region. The document, presented by the Vice-President &hellip; Continue reading \"Joint Declaration of the 2nd Mexico\u2013Spain Rectors\u2019 Summit Sets a New Phase for University Cooperation in the Ibero-American Context\"","og_url":"https:\/\/www.crue.org\/en\/2026\/04\/joint-declaration-of-the-2nd-mexico-spain-rectors-summit-sets-a-new-phase-for-university-cooperation-in-the-ibero-american-context\/","og_site_name":"CRUE","article_published_time":"2026-04-21T15:30:00+00:00","article_modified_time":"2026-04-23T15:32:23+00:00","og_image":[{"width":2560,"height":1708,"url":"https:\/\/www.crue.org\/wp-content\/uploads\/2026\/04\/Cimera_Espana-Mexico_CRUE_26DLL303-scaled.jpg","type":"image\/jpeg"}],"author":"c.contreras","twitter_card":"summary_large_image","twitter_creator":"@crueuniversidad","twitter_site":"@crueuniversidad","twitter_misc":{"Written by":"c.contreras","Est. reading time":"4 minutes"},"schema":{"@context":"https:\/\/schema.org","@graph":[{"@type":"Article","@id":"https:\/\/www.crue.org\/en\/2026\/04\/joint-declaration-of-the-2nd-mexico-spain-rectors-summit-sets-a-new-phase-for-university-cooperation-in-the-ibero-american-context\/#article","isPartOf":{"@id":"https:\/\/www.crue.org\/en\/2026\/04\/joint-declaration-of-the-2nd-mexico-spain-rectors-summit-sets-a-new-phase-for-university-cooperation-in-the-ibero-american-context\/"},"author":{"name":"c.contreras","@id":"https:\/\/www.crue.org\/#\/schema\/person\/f8d8346f24b8dbfea11147554af5c4e1"},"headline":"Joint Declaration of the 2nd Mexico\u2013Spain Rectors\u2019 Summit Sets a New Phase for University Cooperation in the Ibero-American Context","datePublished":"2026-04-21T15:30:00+00:00","dateModified":"2026-04-23T15:32:23+00:00","mainEntityOfPage":{"@id":"https:\/\/www.crue.org\/en\/2026\/04\/joint-declaration-of-the-2nd-mexico-spain-rectors-summit-sets-a-new-phase-for-university-cooperation-in-the-ibero-american-context\/"},"wordCount":748,"publisher":{"@id":"https:\/\/www.crue.org\/#organization"},"image":{"@id":"https:\/\/www.crue.org\/en\/2026\/04\/joint-declaration-of-the-2nd-mexico-spain-rectors-summit-sets-a-new-phase-for-university-cooperation-in-the-ibero-american-context\/#primaryimage"},"thumbnailUrl":"https:\/\/www.crue.org\/wp-content\/uploads\/2026\/04\/Cimera_Espana-Mexico_CRUE_26DLL303-scaled.jpg","keywords":["ANUIES","binational chairs","crue","higher education","Ibero-American Cooperation","international cooperation","joint declaration"],"articleSection":["En portada"],"inLanguage":"en-US"},{"@type":"WebPage","@id":"https:\/\/www.crue.org\/en\/2026\/04\/joint-declaration-of-the-2nd-mexico-spain-rectors-summit-sets-a-new-phase-for-university-cooperation-in-the-ibero-american-context\/","url":"https:\/\/www.crue.org\/en\/2026\/04\/joint-declaration-of-the-2nd-mexico-spain-rectors-summit-sets-a-new-phase-for-university-cooperation-in-the-ibero-american-context\/","name":"Joint Declaration of the 2nd Mexico\u2013Spain Rectors\u2019 Summit Sets a New Phase for University Cooperation in the Ibero-American Context - CRUE","isPartOf":{"@id":"https:\/\/www.crue.org\/#website"},"primaryImageOfPage":{"@id":"https:\/\/www.crue.org\/en\/2026\/04\/joint-declaration-of-the-2nd-mexico-spain-rectors-summit-sets-a-new-phase-for-university-cooperation-in-the-ibero-american-context\/#primaryimage"},"image":{"@id":"https:\/\/www.crue.org\/en\/2026\/04\/joint-declaration-of-the-2nd-mexico-spain-rectors-summit-sets-a-new-phase-for-university-cooperation-in-the-ibero-american-context\/#primaryimage"},"thumbnailUrl":"https:\/\/www.crue.org\/wp-content\/uploads\/2026\/04\/Cimera_Espana-Mexico_CRUE_26DLL303-scaled.jpg","datePublished":"2026-04-21T15:30:00+00:00","dateModified":"2026-04-23T15:32:23+00:00","breadcrumb":{"@id":"https:\/\/www.crue.org\/en\/2026\/04\/joint-declaration-of-the-2nd-mexico-spain-rectors-summit-sets-a-new-phase-for-university-cooperation-in-the-ibero-american-context\/#breadcrumb"},"inLanguage":"en-US","potentialAction":[{"@type":"ReadAction","target":["https:\/\/www.crue.org\/en\/2026\/04\/joint-declaration-of-the-2nd-mexico-spain-rectors-summit-sets-a-new-phase-for-university-cooperation-in-the-ibero-american-context\/"]}]},{"@type":"ImageObject","inLanguage":"en-US","@id":"https:\/\/www.crue.org\/en\/2026\/04\/joint-declaration-of-the-2nd-mexico-spain-rectors-summit-sets-a-new-phase-for-university-cooperation-in-the-ibero-american-context\/#primaryimage","url":"https:\/\/www.crue.org\/wp-content\/uploads\/2026\/04\/Cimera_Espana-Mexico_CRUE_26DLL303-scaled.jpg","contentUrl":"https:\/\/www.crue.org\/wp-content\/uploads\/2026\/04\/Cimera_Espana-Mexico_CRUE_26DLL303-scaled.jpg","width":2560,"height":1708},{"@type":"BreadcrumbList","@id":"https:\/\/www.crue.org\/en\/2026\/04\/joint-declaration-of-the-2nd-mexico-spain-rectors-summit-sets-a-new-phase-for-university-cooperation-in-the-ibero-american-context\/#breadcrumb","itemListElement":[{"@type":"ListItem","position":1,"name":"Home","item":"https:\/\/www.crue.org\/en\/"},{"@type":"ListItem","position":2,"name":"Joint Declaration of the 2nd Mexico\u2013Spain Rectors\u2019 Summit Sets a New Phase for University Cooperation in the Ibero-American Context"}]},{"@type":"WebSite","@id":"https:\/\/www.crue.org\/#website","url":"https:\/\/www.crue.org\/","name":"CRUE","description":"Conferencia de Rectores de las Universidades Espa\u00f1olas","publisher":{"@id":"https:\/\/www.crue.org\/#organization"},"potentialAction":[{"@type":"SearchAction","target":{"@type":"EntryPoint","urlTemplate":"https:\/\/www.crue.org\/?s={search_term_string}"},"query-input":{"@type":"PropertyValueSpecification","valueRequired":true,"valueName":"search_term_string"}}],"inLanguage":"en-US"},{"@type":"Organization","@id":"https:\/\/www.crue.org\/#organization","name":"CRUE","url":"https:\/\/www.crue.org\/","logo":{"@type":"ImageObject","inLanguage":"en-US","@id":"https:\/\/www.crue.org\/#\/schema\/logo\/image\/","url":"https:\/\/www.crue.org\/wp-content\/uploads\/2023\/12\/cropped-CRUE-SPANISH-UNIVERSITIES.png","contentUrl":"https:\/\/www.crue.org\/wp-content\/uploads\/2023\/12\/cropped-CRUE-SPANISH-UNIVERSITIES.png","width":530,"height":100,"caption":"CRUE"},"image":{"@id":"https:\/\/www.crue.org\/#\/schema\/logo\/image\/"},"sameAs":["https:\/\/x.com\/crueuniversidad","https:\/\/www.linkedin.com\/company\/crue-universidad\/"]},{"@type":"Person","@id":"https:\/\/www.crue.org\/#\/schema\/person\/f8d8346f24b8dbfea11147554af5c4e1","name":"c.contreras","url":"https:\/\/www.crue.org\/en\/author\/c-contreras\/"}]}},"_links":{"self":[{"href":"https:\/\/www.crue.org\/en\/wp-json\/wp\/v2\/posts\/26547","targetHints":{"allow":["GET"]}}],"collection":[{"href":"https:\/\/www.crue.org\/en\/wp-json\/wp\/v2\/posts"}],"about":[{"href":"https:\/\/www.crue.org\/en\/wp-json\/wp\/v2\/types\/post"}],"author":[{"embeddable":true,"href":"https:\/\/www.crue.org\/en\/wp-json\/wp\/v2\/users\/13"}],"replies":[{"embeddable":true,"href":"https:\/\/www.crue.org\/en\/wp-json\/wp\/v2\/comments?post=26547"}],"version-history":[{"count":2,"href":"https:\/\/www.crue.org\/en\/wp-json\/wp\/v2\/posts\/26547\/revisions"}],"predecessor-version":[{"id":26549,"href":"https:\/\/www.crue.org\/en\/wp-json\/wp\/v2\/posts\/26547\/revisions\/26549"}],"wp:featuredmedia":[{"embeddable":true,"href":"https:\/\/www.crue.org\/en\/wp-json\/wp\/v2\/media\/26512"}],"wp:attachment":[{"href":"https:\/\/www.crue.org\/en\/wp-json\/wp\/v2\/media?parent=26547"}],"wp:term":[{"taxonomy":"category","embeddable":true,"href":"https:\/\/www.crue.org\/en\/wp-json\/wp\/v2\/categories?post=26547"},{"taxonomy":"post_tag","embeddable":true,"href":"https:\/\/www.crue.org\/en\/wp-json\/wp\/v2\/tags?post=26547"}],"curies":[{"name":"wp","href":"https:\/\/api.w.org\/{rel}","templated":true}]}}